{"id":5372360,"date":"2025-10-30T11:05:03","date_gmt":"2025-10-30T10:05:03","guid":{"rendered":"https:\/\/uzei.eus\/?p=5372360"},"modified":"2025-10-30T14:41:23","modified_gmt":"2025-10-30T13:41:23","slug":"termcat-40-anos","status":"publish","type":"post","link":"https:\/\/uzei.eus\/es\/termcat-40-anos\/","title":{"rendered":"UZEI participa en la celebraci\u00f3n del 40\u00ba aniversario de TERMCAT, reafirmando una alianza clave para la terminolog\u00eda"},"content":{"rendered":"<ul>\n<li>El director de UZEI, Imanol Urbieta, asisti\u00f3 al acto conmemorativo que se celebr\u00f3 en Barcelona y que reuni\u00f3 a m\u00e1s de 200 personas invitadas en el Palau de Pedralbes con motivo de cuatro d\u00e9cadas de trabajo al servicio de la lengua catalana.<\/li>\n<\/ul>\n<p>TERMCAT, Centre de Terminologia, celebr\u00f3 ayer un emotivo acto para conmemorar sus <strong>40 a\u00f1os de trayectoria<\/strong>. El evento, que tuvo lugar en el emblem\u00e1tico <strong>Palau de Pedralbes<\/strong> de Barcelona, cont\u00f3 con la presencia del director de UZEI Terminologia eta Lexikografia Zentroa, <strong>Imanol Urbieta<\/strong>, poniendo de relieve los lazos de colaboraci\u00f3n que unen a ambas instituciones.<\/p>\n<p>El acto comenz\u00f3 con la grabaci\u00f3n en directo del p\u00f3dcast \u00abParaules habitables\u00bb, conducido por <strong>Anna Murgadas<\/strong>. El momento central fue la entrevista al director de TERMCAT, <strong>Jordi Bover<\/strong>, y a la directora de l\u2019Institut d\u2019Estudis Catalans, <strong>Teresa Cabr\u00e9<\/strong>, quienes repasaron los hitos m\u00e1s importantes de estas cuatro d\u00e9cadas y subrayaron el papel fundamental de la terminolog\u00eda como herramienta para acompa\u00f1ar los cambios sociales.<\/p>\n<p>A continuaci\u00f3n, el p\u00fablico asisti\u00f3 a la entrevista en directo al conseller de Pol\u00edtica Ling\u00fc\u00edstica, <strong>F. Xavier Vila i Moreno<\/strong>.<\/p>\n<p>Las cerca de 200 personas invitadas al acto pudieron visitar tambi\u00e9n la exposici\u00f3n <strong>\u201cQuaranta anys acompanyant canvis socials a trav\u00e9s dels termes\u201d<\/strong>, un recorrido por la historia y el impacto social del centro.<\/p>\n<p><strong>40 a\u00f1os de historia<\/strong><\/p>\n<p>Termcat naci\u00f3 en 1985 y, aunque para entonces ya se hab\u00edan creado otros centros de terminolog\u00eda, pronto se convirti\u00f3 en uno de los principales referentes de la terminolog\u00eda a nivel mundial.<\/p>\n<p>Durante estas d\u00e9cadas, la alianza entre UZEI y Termcat ha resultado ha sido muy fruct\u00edfera y \u00fatil para afrontar retos compartidos, de modo que, por ejemplo, el intercambio de conocimiento y recursos nos ha permitido a ambas organizaciones optimizar mejor los recursos.<\/p>\n<p><em><strong>Kronologia<\/strong><br \/>\n<\/em><strong>1970<\/strong>\u00a0\u00a0\u00a0 Banque de terminologie du Qu\u00e9bec (BTQ)<br \/>\n<strong>1971\u00a0\u00a0\u00a0<\/strong> Infoterm (International Information Centre for Terminology)<br \/>\n<strong>1975\u00a0\u00a0\u00a0<\/strong> Eurodicautom (Comisi\u00f3n Europea)<br \/>\n<strong>1976\u00a0\u00a0\u00a0<\/strong> Termium (TERMInologie Universit\u00e9 de Montr\u00e9al)<br \/>\n<strong>1976\u00a0\u00a0\u00a0<\/strong> Nordterm<br \/>\n<strong>1977 (formalmente 1978)<\/strong>\u00a0 UZEI<br \/>\n<strong>1985\u00a0\u00a0\u00a0<\/strong> Termcat \/ Cercaterm<br \/>\n<strong>1986\u00a0\u00a0\u00a0<\/strong> Euskalterm<br \/>\n<strong>1988\u00a0\u00a0\u00a0<\/strong> TermNet<br \/>\n<strong>1993\u00a0\u00a0\u00a0<\/strong> Realiter<br \/>\n<strong>1995\u00a0\u00a0\u00a0<\/strong> ELRA Language Resources Association<br \/>\n<strong>1996\u00a0\u00a0\u00a0<\/strong> EAFT (European Association for Terminology)<\/p>\n<p><a ref=\"magnificPopup\" href=\"https:\/\/uzei.eus\/wp-content\/uploads\/2025\/10\/Termcat40-05-scaled.jpg\"><img loading=\"lazy\" decoding=\"async\" class=\"alignnone wp-image-5372381\" src=\"https:\/\/uzei.eus\/wp-content\/uploads\/2025\/10\/Termcat40-05-scaled.jpg\" alt=\"\" width=\"1068\" height=\"713\" srcset=\"https:\/\/uzei.eus\/wp-content\/uploads\/2025\/10\/Termcat40-05-scaled.jpg 2560w, https:\/\/uzei.eus\/wp-content\/uploads\/2025\/10\/Termcat40-05-300x200.jpg 300w, https:\/\/uzei.eus\/wp-content\/uploads\/2025\/10\/Termcat40-05-1024x683.jpg 1024w, https:\/\/uzei.eus\/wp-content\/uploads\/2025\/10\/Termcat40-05-600x400.jpg 600w, https:\/\/uzei.eus\/wp-content\/uploads\/2025\/10\/Termcat40-05-718x479.jpg 718w, https:\/\/uzei.eus\/wp-content\/uploads\/2025\/10\/Termcat40-05-294x196.jpg 294w\" sizes=\"auto, (max-width: 1068px) 100vw, 1068px\" \/><\/a><\/p>\n<p>&nbsp;<\/p>\n<p>&nbsp;<\/p>\n<p>&nbsp;<\/p>\n<p>&nbsp;<\/p>\n<p>&nbsp;<\/p>\n<p>&nbsp;<\/p>\n<p><img loading=\"lazy\" decoding=\"async\" class=\"wp-image-5372352 aligncenter\" src=\"https:\/\/uzei.eus\/wp-content\/uploads\/2025\/10\/ETXEPARE_logo_RGB.png\" alt=\"\" width=\"224\" height=\"82\" srcset=\"https:\/\/uzei.eus\/wp-content\/uploads\/2025\/10\/ETXEPARE_logo_RGB.png 1472w, https:\/\/uzei.eus\/wp-content\/uploads\/2025\/10\/ETXEPARE_logo_RGB-300x110.png 300w, https:\/\/uzei.eus\/wp-content\/uploads\/2025\/10\/ETXEPARE_logo_RGB-1024x376.png 1024w, https:\/\/uzei.eus\/wp-content\/uploads\/2025\/10\/ETXEPARE_logo_RGB-600x220.png 600w, https:\/\/uzei.eus\/wp-content\/uploads\/2025\/10\/ETXEPARE_logo_RGB-1306x479.png 1306w, https:\/\/uzei.eus\/wp-content\/uploads\/2025\/10\/ETXEPARE_logo_RGB-294x108.png 294w\" sizes=\"auto, (max-width: 224px) 100vw, 224px\" \/><\/p>\n","protected":false},"excerpt":{"rendered":"<p>El director de UZEI, Imanol Urbieta, asisti\u00f3 al acto conmemorativo que se celebr\u00f3 en Barcelona y que reuni\u00f3 a m\u00e1s de 200 personas invitadas en el Palau de Pedralbes con motivo de cuatro d\u00e9cadas de trabajo al servicio de la lengua catalana. TERMCAT, Centre de Terminologia, celebr\u00f3 ayer un emotivo acto para conmemorar sus 40&#8230;<\/p>\n","protected":false},"author":2,"featured_media":5372365,"comment_status":"closed","ping_status":"closed","sticky":false,"template":"","format":"standard","meta":{"_acf_changed":false,"footnotes":""},"categories":[62],"tags":[],"class_list":["post-5372360","post","type-post","status-publish","format-standard","has-post-thumbnail","hentry","category-noticias"],"acf":[],"_links":{"self":[{"href":"https:\/\/uzei.eus\/es\/wp-json\/wp\/v2\/posts\/5372360","targetHints":{"allow":["GET"]}}],"collection":[{"href":"https:\/\/uzei.eus\/es\/wp-json\/wp\/v2\/posts"}],"about":[{"href":"https:\/\/uzei.eus\/es\/wp-json\/wp\/v2\/types\/post"}],"author":[{"embeddable":true,"href":"https:\/\/uzei.eus\/es\/wp-json\/wp\/v2\/users\/2"}],"replies":[{"embeddable":true,"href":"https:\/\/uzei.eus\/es\/wp-json\/wp\/v2\/comments?post=5372360"}],"version-history":[{"count":4,"href":"https:\/\/uzei.eus\/es\/wp-json\/wp\/v2\/posts\/5372360\/revisions"}],"predecessor-version":[{"id":5372386,"href":"https:\/\/uzei.eus\/es\/wp-json\/wp\/v2\/posts\/5372360\/revisions\/5372386"}],"wp:featuredmedia":[{"embeddable":true,"href":"https:\/\/uzei.eus\/es\/wp-json\/wp\/v2\/media\/5372365"}],"wp:attachment":[{"href":"https:\/\/uzei.eus\/es\/wp-json\/wp\/v2\/media?parent=5372360"}],"wp:term":[{"taxonomy":"category","embeddable":true,"href":"https:\/\/uzei.eus\/es\/wp-json\/wp\/v2\/categories?post=5372360"},{"taxonomy":"post_tag","embeddable":true,"href":"https:\/\/uzei.eus\/es\/wp-json\/wp\/v2\/tags?post=5372360"}],"curies":[{"name":"wp","href":"https:\/\/api.w.org\/{rel}","templated":true}]}}